{"id":215,"date":"2024-05-27T16:45:40","date_gmt":"2024-05-27T19:45:40","guid":{"rendered":"https:\/\/projetar.com.br\/?p=215"},"modified":"2024-10-07T20:43:12","modified_gmt":"2024-10-07T23:43:12","slug":"projetar-recebe-premio-best-project-2023-da-samsung-pelo-projeto-vitra-nova-klabin","status":"publish","type":"post","link":"https:\/\/projetar.com.br\/index.php\/2024\/05\/27\/projetar-recebe-premio-best-project-2023-da-samsung-pelo-projeto-vitra-nova-klabin\/","title":{"rendered":"Projetar Recebe Pr\u00eamio Best Project 2023 da SAMSUNG"},"content":{"rendered":"\t\t<div data-elementor-type=\"wp-post\" data-elementor-id=\"215\" class=\"elementor elementor-215\" data-elementor-post-type=\"post\">\n\t\t\t\t<div class=\"elementor-element elementor-element-71d79e50 e-flex e-con-boxed e-con e-parent\" data-id=\"71d79e50\" data-element_type=\"container\">\n\t\t\t\t\t<div class=\"e-con-inner\">\n\t\t\t\t<div class=\"elementor-element elementor-element-484a404c elementor-widget elementor-widget-text-editor\" data-id=\"484a404c\" data-element_type=\"widget\" data-widget_type=\"text-editor.default\">\n\t\t\t\t<div class=\"elementor-widget-container\">\n\t\t\t\t\t\t\t\t\t<p><\/p>\n<figure class=\"nfd-w-full is-style-default wp-block-image size-full\"><img fetchpriority=\"high\" decoding=\"async\" class=\"wp-image-253 aligncenter\" style=\"aspect-ratio: 3\/2; object-fit: cover;\" src=\"https:\/\/projetar.com.br\/wp-content\/uploads\/2024\/05\/6.png\" alt=\"\" width=\"696\" height=\"461\" \/><\/figure>\n<p><\/p>\n<p>A PROJETAR foi premiada com destaque no ano de 2023 do fabricante de equipamentos de ar condicionado a Samsung do Brasil, pelos projetos de climatiza\u00e7\u00e3o realizados para os edif\u00edcios residenciais &#8220;Vitra Para\u00edso e Nova Klabin&#8221;, ambos da Construtora Patriani.\u00a0<\/p>\n<p>O pr\u00eamio foi entregue na feira internacional <strong><u>AHR Expo 2024<\/u><\/strong>\u00a0realizada em janeiro de 2024 na cidade de Chicago-EUA, feira esta que re\u00fane empresas dos EUA e internacionais relacionadas aos setores de Ar Condicionado e Refrigera\u00e7\u00e3o.<\/p>\n<p><\/p>\t\t\t\t\t\t\t\t<\/div>\n\t\t\t\t<\/div>\n\t\t\t\t\t<\/div>\n\t\t\t\t<\/div>\n\t\t<div class=\"elementor-element elementor-element-d69cb13 e-flex e-con-boxed e-con e-parent\" data-id=\"d69cb13\" data-element_type=\"container\">\n\t\t\t\t\t<div class=\"e-con-inner\">\n\t\t\t\t<div class=\"elementor-element elementor-element-da115ce elementor-widget elementor-widget-image\" data-id=\"da115ce\" data-element_type=\"widget\" data-widget_type=\"image.default\">\n\t\t\t\t<div class=\"elementor-widget-container\">\n\t\t\t\t\t\t\t\t\t\t\t\t\t\t\t<img decoding=\"async\" width=\"567\" height=\"763\" src=\"https:\/\/projetar.com.br\/wp-content\/uploads\/2024\/05\/Imagem1.jpg\" class=\"attachment-medium_large size-medium_large wp-image-1165\" alt=\"\" srcset=\"https:\/\/projetar.com.br\/wp-content\/uploads\/2024\/05\/Imagem1.jpg 567w, https:\/\/projetar.com.br\/wp-content\/uploads\/2024\/05\/Imagem1-223x300.jpg 223w\" sizes=\"(max-width: 567px) 100vw, 567px\" \/>\t\t\t\t\t\t\t\t\t\t\t\t\t\t\t<\/div>\n\t\t\t\t<\/div>\n\t\t\t\t\t<\/div>\n\t\t\t\t<\/div>\n\t\t\t\t<\/div>\n\t\t","protected":false},"excerpt":{"rendered":"<p>A PROJETAR foi premiada com destaque no ano de 2023 do fabricante de equipamentos de ar condicionado a Samsung do Brasil, pelos projetos de climatiza\u00e7\u00e3o realizados para os edif\u00edcios residenciais &#8220;Vitra Para\u00edso e Nova Klabin&#8221;, ambos da Construtora Patriani.\u00a0 O pr\u00eamio foi entregue na feira internacional AHR Expo 2024\u00a0realizada em janeiro de 2024 na cidade [&hellip;]<\/p>\n","protected":false},"author":1,"featured_media":253,"comment_status":"closed","ping_status":"closed","sticky":false,"template":"","format":"standard","meta":{"footnotes":""},"categories":[1],"tags":[],"class_list":["post-215","post","type-post","status-publish","format-standard","has-post-thumbnail","hentry","category-sem-categoria"],"_links":{"self":[{"href":"https:\/\/projetar.com.br\/index.php\/wp-json\/wp\/v2\/posts\/215","targetHints":{"allow":["GET"]}}],"collection":[{"href":"https:\/\/projetar.com.br\/index.php\/wp-json\/wp\/v2\/posts"}],"about":[{"href":"https:\/\/projetar.com.br\/index.php\/wp-json\/wp\/v2\/types\/post"}],"author":[{"embeddable":true,"href":"https:\/\/projetar.com.br\/index.php\/wp-json\/wp\/v2\/users\/1"}],"replies":[{"embeddable":true,"href":"https:\/\/projetar.com.br\/index.php\/wp-json\/wp\/v2\/comments?post=215"}],"version-history":[{"count":18,"href":"https:\/\/projetar.com.br\/index.php\/wp-json\/wp\/v2\/posts\/215\/revisions"}],"predecessor-version":[{"id":1248,"href":"https:\/\/projetar.com.br\/index.php\/wp-json\/wp\/v2\/posts\/215\/revisions\/1248"}],"wp:featuredmedia":[{"embeddable":true,"href":"https:\/\/projetar.com.br\/index.php\/wp-json\/wp\/v2\/media\/253"}],"wp:attachment":[{"href":"https:\/\/projetar.com.br\/index.php\/wp-json\/wp\/v2\/media?parent=215"}],"wp:term":[{"taxonomy":"category","embeddable":true,"href":"https:\/\/projetar.com.br\/index.php\/wp-json\/wp\/v2\/categories?post=215"},{"taxonomy":"post_tag","embeddable":true,"href":"https:\/\/projetar.com.br\/index.php\/wp-json\/wp\/v2\/tags?post=215"}],"curies":[{"name":"wp","href":"https:\/\/api.w.org\/{rel}","templated":true}]}}